{"id":731,"date":"2025-11-26T08:46:26","date_gmt":"2025-11-26T08:46:26","guid":{"rendered":"https:\/\/asil.websitesunum.com.tr\/?p=731"},"modified":"2025-11-26T08:46:31","modified_gmt":"2025-11-26T08:46:31","slug":"asil-bostanci-zorlu-kosullara-ragmen-buyumeyi-surduruyoruz","status":"publish","type":"post","link":"https:\/\/asilgrup.com.tr\/en\/asil-bostanci-zorlu-kosullara-ragmen-buyumeyi-surduruyoruz\/","title":{"rendered":"Asil Bostanci We continue to grow despite challenging conditions"},"content":{"rendered":"<p><strong>Asil Group, which has been operating in the security, cleaning, management and insurance sector for 24 years, continues to grow steadily. Stating that they opened the Thrace Regional Directorate last month, Asil Bostanc\u0131, Chairman of the Board of Directors of Asil Group, stated that they will continue to contribute to the country's economy by expanding their work and services.<\/strong><\/p>\n<p>Bostanc\u0131 stated that they continue to grow despite the economic changes and challenging conditions in the sector,\u201d As Asil Group; our belief in a beautiful future, good and success has been the most important power that carries us forward. We continue to lead important projects in the sector with our steady rise. We completed 2021 by growing with our activities in the fields of security, cleaning, management and insurance. In early 2022, we expanded our field of activity by opening our Thrace Regional Directorate in \u00c7erkezk\u00f6y. We started to provide services in the fields of security, management services, cleaning and insurance in this region with our professional business model and experienced staff. Our goal is to continue to grow and contribute to the national economy despite the economic changes and challenging conditions in the sector.\u201d.<\/p>\n<blockquote class=\"wp-embedded-content\" data-secret=\"r6PtO06DMK\"><p><a href=\"https:\/\/businessworldglobal.com\/asil-bostanci-zorlu-kosullara-ragmen-buyumeyi-surduruyoruz\/\">Asil Bostanci We continue to grow despite challenging conditions<\/a><\/p><\/blockquote>\n<p><iframe loading=\"lazy\" class=\"wp-embedded-content\" sandbox=\"allow-scripts\" security=\"restricted\" style=\"position: absolute; visibility: hidden;\" title=\"\u201cAsil Bostanci: We continue to grow despite challenging conditions\u201d - Business World Global\" src=\"https:\/\/businessworldglobal.com\/asil-bostanci-zorlu-kosullara-ragmen-buyumeyi-surduruyoruz\/embed\/#?secret=FvtVdoJwps#?secret=r6PtO06DMK\" data-secret=\"r6PtO06DMK\" width=\"500\" height=\"282\" frameborder=\"0\" marginwidth=\"0\" marginheight=\"0\" scrolling=\"no\"><\/iframe><\/p>","protected":false},"excerpt":{"rendered":"<p>Asil Group, which has been operating in the security, cleaning, management and insurance sector for 24 years, continues to grow steadily. Thrace Regional Directorate<\/p>","protected":false},"author":1,"featured_media":732,"comment_status":"open","ping_status":"open","sticky":false,"template":"","format":"standard","meta":{"footnotes":""},"categories":[3],"tags":[],"class_list":["post-731","post","type-post","status-publish","format-standard","has-post-thumbnail","hentry","category-haberler"],"yoast_head":"<!-- This site is optimized with the Yoast SEO plugin v26.7 - https:\/\/yoast.com\/wordpress\/plugins\/seo\/ -->\n<title>Asil Bostanc\u0131: Zorlu ko\u015fullara ra\u011fmen b\u00fcy\u00fcmeyi s\u00fcrd\u00fcr\u00fcyoruz - Asil Grup<\/title>\n<meta name=\"robots\" content=\"index, follow, max-snippet:-1, max-image-preview:large, max-video-preview:-1\" \/>\n<link rel=\"canonical\" href=\"https:\/\/asilgrup.com.tr\/en\/asil-bostanci-zorlu-kosullara-ragmen-buyumeyi-surduruyoruz\/\" \/>\n<meta property=\"og:locale\" content=\"en_GB\" \/>\n<meta property=\"og:type\" content=\"article\" \/>\n<meta property=\"og:title\" content=\"Asil Bostanc\u0131: Zorlu ko\u015fullara ra\u011fmen b\u00fcy\u00fcmeyi s\u00fcrd\u00fcr\u00fcyoruz - Asil Grup\" \/>\n<meta property=\"og:description\" content=\"G\u00fcvenlik, temizlik, y\u00f6netim ve sigortac\u0131l\u0131k sekt\u00f6r\u00fcnde 24 y\u0131ld\u0131r faaliyet g\u00f6steren Asil Grup istikrarl\u0131 olarak b\u00fcy\u00fcmeye devam ediyor. Trakya B\u00f6lge M\u00fcd\u00fcrl\u00fc\u011f\u00fcn\u00fc\" \/>\n<meta property=\"og:url\" content=\"https:\/\/asilgrup.com.tr\/en\/asil-bostanci-zorlu-kosullara-ragmen-buyumeyi-surduruyoruz\/\" \/>\n<meta property=\"og:site_name\" content=\"Asil Grup\" \/>\n<meta property=\"article:published_time\" content=\"2025-11-26T08:46:26+00:00\" \/>\n<meta property=\"article:modified_time\" content=\"2025-11-26T08:46:31+00:00\" \/>\n<meta property=\"og:image\" content=\"https:\/\/asilgrup.com.tr\/wp-content\/uploads\/2025\/11\/Ekran-Resmi-2022-03-02-15.46.53.png\" \/>\n\t<meta property=\"og:image:width\" content=\"739\" \/>\n\t<meta property=\"og:image:height\" content=\"426\" \/>\n\t<meta property=\"og:image:type\" content=\"image\/png\" \/>\n<meta name=\"author\" content=\"irfan\" \/>\n<meta name=\"twitter:card\" content=\"summary_large_image\" \/>\n<meta name=\"twitter:label1\" content=\"Written by\" \/>\n\t<meta name=\"twitter:data1\" content=\"irfan\" \/>\n\t<meta name=\"twitter:label2\" content=\"Estimated reading time\" \/>\n\t<meta name=\"twitter:data2\" content=\"1 minute\" \/>\n<script type=\"application\/ld+json\" class=\"yoast-schema-graph\">{\"@context\":\"https:\/\/schema.org\",\"@graph\":[{\"@type\":\"Article\",\"@id\":\"https:\/\/asilgrup.com.tr\/asil-bostanci-zorlu-kosullara-ragmen-buyumeyi-surduruyoruz\/#article\",\"isPartOf\":{\"@id\":\"https:\/\/asilgrup.com.tr\/asil-bostanci-zorlu-kosullara-ragmen-buyumeyi-surduruyoruz\/\"},\"author\":{\"name\":\"irfan\",\"@id\":\"https:\/\/asilgrup.com.tr\/#\/schema\/person\/7a7c61e7ae7bb488fd67b6c1a1fbbf7c\"},\"headline\":\"Asil Bostanc\u0131: Zorlu ko\u015fullara ra\u011fmen b\u00fcy\u00fcmeyi s\u00fcrd\u00fcr\u00fcyoruz\",\"datePublished\":\"2025-11-26T08:46:26+00:00\",\"dateModified\":\"2025-11-26T08:46:31+00:00\",\"mainEntityOfPage\":{\"@id\":\"https:\/\/asilgrup.com.tr\/asil-bostanci-zorlu-kosullara-ragmen-buyumeyi-surduruyoruz\/\"},\"wordCount\":245,\"commentCount\":0,\"publisher\":{\"@id\":\"https:\/\/asilgrup.com.tr\/#organization\"},\"image\":{\"@id\":\"https:\/\/asilgrup.com.tr\/asil-bostanci-zorlu-kosullara-ragmen-buyumeyi-surduruyoruz\/#primaryimage\"},\"thumbnailUrl\":\"https:\/\/asilgrup.com.tr\/wp-content\/uploads\/2025\/11\/Ekran-Resmi-2022-03-02-15.46.53.png\",\"articleSection\":[\"Haberler\"],\"inLanguage\":\"en-GB\",\"potentialAction\":[{\"@type\":\"CommentAction\",\"name\":\"Comment\",\"target\":[\"https:\/\/asilgrup.com.tr\/asil-bostanci-zorlu-kosullara-ragmen-buyumeyi-surduruyoruz\/#respond\"]}]},{\"@type\":\"WebPage\",\"@id\":\"https:\/\/asilgrup.com.tr\/asil-bostanci-zorlu-kosullara-ragmen-buyumeyi-surduruyoruz\/\",\"url\":\"https:\/\/asilgrup.com.tr\/asil-bostanci-zorlu-kosullara-ragmen-buyumeyi-surduruyoruz\/\",\"name\":\"Asil Bostanc\u0131: Zorlu ko\u015fullara ra\u011fmen b\u00fcy\u00fcmeyi s\u00fcrd\u00fcr\u00fcyoruz - Asil Grup\",\"isPartOf\":{\"@id\":\"https:\/\/asilgrup.com.tr\/#website\"},\"primaryImageOfPage\":{\"@id\":\"https:\/\/asilgrup.com.tr\/asil-bostanci-zorlu-kosullara-ragmen-buyumeyi-surduruyoruz\/#primaryimage\"},\"image\":{\"@id\":\"https:\/\/asilgrup.com.tr\/asil-bostanci-zorlu-kosullara-ragmen-buyumeyi-surduruyoruz\/#primaryimage\"},\"thumbnailUrl\":\"https:\/\/asilgrup.com.tr\/wp-content\/uploads\/2025\/11\/Ekran-Resmi-2022-03-02-15.46.53.png\",\"datePublished\":\"2025-11-26T08:46:26+00:00\",\"dateModified\":\"2025-11-26T08:46:31+00:00\",\"breadcrumb\":{\"@id\":\"https:\/\/asilgrup.com.tr\/asil-bostanci-zorlu-kosullara-ragmen-buyumeyi-surduruyoruz\/#breadcrumb\"},\"inLanguage\":\"en-GB\",\"potentialAction\":[{\"@type\":\"ReadAction\",\"target\":[\"https:\/\/asilgrup.com.tr\/asil-bostanci-zorlu-kosullara-ragmen-buyumeyi-surduruyoruz\/\"]}]},{\"@type\":\"ImageObject\",\"inLanguage\":\"en-GB\",\"@id\":\"https:\/\/asilgrup.com.tr\/asil-bostanci-zorlu-kosullara-ragmen-buyumeyi-surduruyoruz\/#primaryimage\",\"url\":\"https:\/\/asilgrup.com.tr\/wp-content\/uploads\/2025\/11\/Ekran-Resmi-2022-03-02-15.46.53.png\",\"contentUrl\":\"https:\/\/asilgrup.com.tr\/wp-content\/uploads\/2025\/11\/Ekran-Resmi-2022-03-02-15.46.53.png\",\"width\":739,\"height\":426},{\"@type\":\"BreadcrumbList\",\"@id\":\"https:\/\/asilgrup.com.tr\/asil-bostanci-zorlu-kosullara-ragmen-buyumeyi-surduruyoruz\/#breadcrumb\",\"itemListElement\":[{\"@type\":\"ListItem\",\"position\":1,\"name\":\"Anasayfa\",\"item\":\"https:\/\/asilgrup.com.tr\/\"},{\"@type\":\"ListItem\",\"position\":2,\"name\":\"Asil Bostanc\u0131: Zorlu ko\u015fullara ra\u011fmen b\u00fcy\u00fcmeyi s\u00fcrd\u00fcr\u00fcyoruz\"}]},{\"@type\":\"WebSite\",\"@id\":\"https:\/\/asilgrup.com.tr\/#website\",\"url\":\"https:\/\/asilgrup.com.tr\/\",\"name\":\"Asil Grup\",\"description\":\"1998 y\u0131l\u0131ndan bu yana hizmet sekt\u00f6r\u00fcnde faaliyet g\u00f6steren Asil Grup; g\u00fcvenlik, teknoloji, ev alarm sistemleri, dan\u0131\u015fma, temizlik ve sigorta alanlar\u0131nda modern ve entegre \u00e7\u00f6z\u00fcmler sunan profesyonel bir hizmet sa\u011flay\u0131c\u0131d\u0131r.\",\"publisher\":{\"@id\":\"https:\/\/asilgrup.com.tr\/#organization\"},\"potentialAction\":[{\"@type\":\"SearchAction\",\"target\":{\"@type\":\"EntryPoint\",\"urlTemplate\":\"https:\/\/asilgrup.com.tr\/?s={search_term_string}\"},\"query-input\":{\"@type\":\"PropertyValueSpecification\",\"valueRequired\":true,\"valueName\":\"search_term_string\"}}],\"inLanguage\":\"en-GB\"},{\"@type\":\"Organization\",\"@id\":\"https:\/\/asilgrup.com.tr\/#organization\",\"name\":\"Asil Grup\",\"url\":\"https:\/\/asilgrup.com.tr\/\",\"logo\":{\"@type\":\"ImageObject\",\"inLanguage\":\"en-GB\",\"@id\":\"https:\/\/asilgrup.com.tr\/#\/schema\/logo\/image\/\",\"url\":\"https:\/\/asilgrup.com.tr\/wp-content\/uploads\/2025\/11\/logo_tr.webp\",\"contentUrl\":\"https:\/\/asilgrup.com.tr\/wp-content\/uploads\/2025\/11\/logo_tr.webp\",\"width\":300,\"height\":148,\"caption\":\"Asil Grup\"},\"image\":{\"@id\":\"https:\/\/asilgrup.com.tr\/#\/schema\/logo\/image\/\"}},{\"@type\":\"Person\",\"@id\":\"https:\/\/asilgrup.com.tr\/#\/schema\/person\/7a7c61e7ae7bb488fd67b6c1a1fbbf7c\",\"name\":\"irfan\",\"image\":{\"@type\":\"ImageObject\",\"inLanguage\":\"en-GB\",\"@id\":\"https:\/\/asilgrup.com.tr\/#\/schema\/person\/image\/\",\"url\":\"https:\/\/secure.gravatar.com\/avatar\/7d940d06b38c68425c692ff47e323f51f91bf52d79ea2b7071f03291658675fe?s=96&d=mm&r=g\",\"contentUrl\":\"https:\/\/secure.gravatar.com\/avatar\/7d940d06b38c68425c692ff47e323f51f91bf52d79ea2b7071f03291658675fe?s=96&d=mm&r=g\",\"caption\":\"irfan\"},\"sameAs\":[\"https:\/\/asil.websitesunum.com.tr\"],\"url\":\"https:\/\/asilgrup.com.tr\/en\/author\/irfan\/\"}]}<\/script>\n<!-- \/ Yoast SEO plugin. -->","yoast_head_json":{"title":"Asil Bostanc\u0131: Zorlu ko\u015fullara ra\u011fmen b\u00fcy\u00fcmeyi s\u00fcrd\u00fcr\u00fcyoruz - Asil Grup","robots":{"index":"index","follow":"follow","max-snippet":"max-snippet:-1","max-image-preview":"max-image-preview:large","max-video-preview":"max-video-preview:-1"},"canonical":"https:\/\/asilgrup.com.tr\/en\/asil-bostanci-zorlu-kosullara-ragmen-buyumeyi-surduruyoruz\/","og_locale":"en_GB","og_type":"article","og_title":"Asil Bostanc\u0131: Zorlu ko\u015fullara ra\u011fmen b\u00fcy\u00fcmeyi s\u00fcrd\u00fcr\u00fcyoruz - Asil Grup","og_description":"G\u00fcvenlik, temizlik, y\u00f6netim ve sigortac\u0131l\u0131k sekt\u00f6r\u00fcnde 24 y\u0131ld\u0131r faaliyet g\u00f6steren Asil Grup istikrarl\u0131 olarak b\u00fcy\u00fcmeye devam ediyor. Trakya B\u00f6lge M\u00fcd\u00fcrl\u00fc\u011f\u00fcn\u00fc","og_url":"https:\/\/asilgrup.com.tr\/en\/asil-bostanci-zorlu-kosullara-ragmen-buyumeyi-surduruyoruz\/","og_site_name":"Asil Grup","article_published_time":"2025-11-26T08:46:26+00:00","article_modified_time":"2025-11-26T08:46:31+00:00","og_image":[{"width":739,"height":426,"url":"https:\/\/asilgrup.com.tr\/wp-content\/uploads\/2025\/11\/Ekran-Resmi-2022-03-02-15.46.53.png","type":"image\/png"}],"author":"irfan","twitter_card":"summary_large_image","twitter_misc":{"Written by":"irfan","Estimated reading time":"1 minute"},"schema":{"@context":"https:\/\/schema.org","@graph":[{"@type":"Article","@id":"https:\/\/asilgrup.com.tr\/asil-bostanci-zorlu-kosullara-ragmen-buyumeyi-surduruyoruz\/#article","isPartOf":{"@id":"https:\/\/asilgrup.com.tr\/asil-bostanci-zorlu-kosullara-ragmen-buyumeyi-surduruyoruz\/"},"author":{"name":"irfan","@id":"https:\/\/asilgrup.com.tr\/#\/schema\/person\/7a7c61e7ae7bb488fd67b6c1a1fbbf7c"},"headline":"Asil Bostanc\u0131: Zorlu ko\u015fullara ra\u011fmen b\u00fcy\u00fcmeyi s\u00fcrd\u00fcr\u00fcyoruz","datePublished":"2025-11-26T08:46:26+00:00","dateModified":"2025-11-26T08:46:31+00:00","mainEntityOfPage":{"@id":"https:\/\/asilgrup.com.tr\/asil-bostanci-zorlu-kosullara-ragmen-buyumeyi-surduruyoruz\/"},"wordCount":245,"commentCount":0,"publisher":{"@id":"https:\/\/asilgrup.com.tr\/#organization"},"image":{"@id":"https:\/\/asilgrup.com.tr\/asil-bostanci-zorlu-kosullara-ragmen-buyumeyi-surduruyoruz\/#primaryimage"},"thumbnailUrl":"https:\/\/asilgrup.com.tr\/wp-content\/uploads\/2025\/11\/Ekran-Resmi-2022-03-02-15.46.53.png","articleSection":["Haberler"],"inLanguage":"en-GB","potentialAction":[{"@type":"CommentAction","name":"Comment","target":["https:\/\/asilgrup.com.tr\/asil-bostanci-zorlu-kosullara-ragmen-buyumeyi-surduruyoruz\/#respond"]}]},{"@type":"WebPage","@id":"https:\/\/asilgrup.com.tr\/asil-bostanci-zorlu-kosullara-ragmen-buyumeyi-surduruyoruz\/","url":"https:\/\/asilgrup.com.tr\/asil-bostanci-zorlu-kosullara-ragmen-buyumeyi-surduruyoruz\/","name":"Asil Bostanc\u0131: Zorlu ko\u015fullara ra\u011fmen b\u00fcy\u00fcmeyi s\u00fcrd\u00fcr\u00fcyoruz - Asil Grup","isPartOf":{"@id":"https:\/\/asilgrup.com.tr\/#website"},"primaryImageOfPage":{"@id":"https:\/\/asilgrup.com.tr\/asil-bostanci-zorlu-kosullara-ragmen-buyumeyi-surduruyoruz\/#primaryimage"},"image":{"@id":"https:\/\/asilgrup.com.tr\/asil-bostanci-zorlu-kosullara-ragmen-buyumeyi-surduruyoruz\/#primaryimage"},"thumbnailUrl":"https:\/\/asilgrup.com.tr\/wp-content\/uploads\/2025\/11\/Ekran-Resmi-2022-03-02-15.46.53.png","datePublished":"2025-11-26T08:46:26+00:00","dateModified":"2025-11-26T08:46:31+00:00","breadcrumb":{"@id":"https:\/\/asilgrup.com.tr\/asil-bostanci-zorlu-kosullara-ragmen-buyumeyi-surduruyoruz\/#breadcrumb"},"inLanguage":"en-GB","potentialAction":[{"@type":"ReadAction","target":["https:\/\/asilgrup.com.tr\/asil-bostanci-zorlu-kosullara-ragmen-buyumeyi-surduruyoruz\/"]}]},{"@type":"ImageObject","inLanguage":"en-GB","@id":"https:\/\/asilgrup.com.tr\/asil-bostanci-zorlu-kosullara-ragmen-buyumeyi-surduruyoruz\/#primaryimage","url":"https:\/\/asilgrup.com.tr\/wp-content\/uploads\/2025\/11\/Ekran-Resmi-2022-03-02-15.46.53.png","contentUrl":"https:\/\/asilgrup.com.tr\/wp-content\/uploads\/2025\/11\/Ekran-Resmi-2022-03-02-15.46.53.png","width":739,"height":426},{"@type":"BreadcrumbList","@id":"https:\/\/asilgrup.com.tr\/asil-bostanci-zorlu-kosullara-ragmen-buyumeyi-surduruyoruz\/#breadcrumb","itemListElement":[{"@type":"ListItem","position":1,"name":"Anasayfa","item":"https:\/\/asilgrup.com.tr\/"},{"@type":"ListItem","position":2,"name":"Asil Bostanc\u0131: Zorlu ko\u015fullara ra\u011fmen b\u00fcy\u00fcmeyi s\u00fcrd\u00fcr\u00fcyoruz"}]},{"@type":"WebSite","@id":"https:\/\/asilgrup.com.tr\/#website","url":"https:\/\/asilgrup.com.tr\/","name":"Asil Group","description":"Operating since 1998 in the service sector, Asil Group is a professional service provider offering modern and integrated solutions in the fields of security, technology, home alarm systems, consultancy, cleaning and insurance.","publisher":{"@id":"https:\/\/asilgrup.com.tr\/#organization"},"potentialAction":[{"@type":"SearchAction","target":{"@type":"EntryPoint","urlTemplate":"https:\/\/asilgrup.com.tr\/?s={search_term_string}"},"query-input":{"@type":"PropertyValueSpecification","valueRequired":true,"valueName":"search_term_string"}}],"inLanguage":"en-GB"},{"@type":"Organization","@id":"https:\/\/asilgrup.com.tr\/#organization","name":"Asil Group","url":"https:\/\/asilgrup.com.tr\/","logo":{"@type":"ImageObject","inLanguage":"en-GB","@id":"https:\/\/asilgrup.com.tr\/#\/schema\/logo\/image\/","url":"https:\/\/asilgrup.com.tr\/wp-content\/uploads\/2025\/11\/logo_tr.webp","contentUrl":"https:\/\/asilgrup.com.tr\/wp-content\/uploads\/2025\/11\/logo_tr.webp","width":300,"height":148,"caption":"Asil Grup"},"image":{"@id":"https:\/\/asilgrup.com.tr\/#\/schema\/logo\/image\/"}},{"@type":"Person","@id":"https:\/\/asilgrup.com.tr\/#\/schema\/person\/7a7c61e7ae7bb488fd67b6c1a1fbbf7c","name":"irfan","image":{"@type":"ImageObject","inLanguage":"en-GB","@id":"https:\/\/asilgrup.com.tr\/#\/schema\/person\/image\/","url":"https:\/\/secure.gravatar.com\/avatar\/7d940d06b38c68425c692ff47e323f51f91bf52d79ea2b7071f03291658675fe?s=96&d=mm&r=g","contentUrl":"https:\/\/secure.gravatar.com\/avatar\/7d940d06b38c68425c692ff47e323f51f91bf52d79ea2b7071f03291658675fe?s=96&d=mm&r=g","caption":"irfan"},"sameAs":["https:\/\/asil.websitesunum.com.tr"],"url":"https:\/\/asilgrup.com.tr\/en\/author\/irfan\/"}]}},"_links":{"self":[{"href":"https:\/\/asilgrup.com.tr\/en\/wp-json\/wp\/v2\/posts\/731","targetHints":{"allow":["GET"]}}],"collection":[{"href":"https:\/\/asilgrup.com.tr\/en\/wp-json\/wp\/v2\/posts"}],"about":[{"href":"https:\/\/asilgrup.com.tr\/en\/wp-json\/wp\/v2\/types\/post"}],"author":[{"embeddable":true,"href":"https:\/\/asilgrup.com.tr\/en\/wp-json\/wp\/v2\/users\/1"}],"replies":[{"embeddable":true,"href":"https:\/\/asilgrup.com.tr\/en\/wp-json\/wp\/v2\/comments?post=731"}],"version-history":[{"count":1,"href":"https:\/\/asilgrup.com.tr\/en\/wp-json\/wp\/v2\/posts\/731\/revisions"}],"predecessor-version":[{"id":733,"href":"https:\/\/asilgrup.com.tr\/en\/wp-json\/wp\/v2\/posts\/731\/revisions\/733"}],"wp:featuredmedia":[{"embeddable":true,"href":"https:\/\/asilgrup.com.tr\/en\/wp-json\/wp\/v2\/media\/732"}],"wp:attachment":[{"href":"https:\/\/asilgrup.com.tr\/en\/wp-json\/wp\/v2\/media?parent=731"}],"wp:term":[{"taxonomy":"category","embeddable":true,"href":"https:\/\/asilgrup.com.tr\/en\/wp-json\/wp\/v2\/categories?post=731"},{"taxonomy":"post_tag","embeddable":true,"href":"https:\/\/asilgrup.com.tr\/en\/wp-json\/wp\/v2\/tags?post=731"}],"curies":[{"name":"wp","href":"https:\/\/api.w.org\/{rel}","templated":true}]}}